{"id":5328,"date":"2013-03-05T15:33:24","date_gmt":"2013-03-05T14:33:24","guid":{"rendered":"http:\/\/www.rat-u-gradu.alat.hr\/?p=5328"},"modified":"2013-03-10T15:34:03","modified_gmt":"2013-03-10T14:34:03","slug":"bjelovar-18","status":"publish","type":"post","link":"http:\/\/www.rat-u-gradu.alat.hr\/?p=5328","title":{"rendered":"Bjelovar &#8211; 18"},"content":{"rendered":"<div>\n<p>Alen Habek: Bjelovarci u Dubrovniku<\/p>\n<p>Ne znam, mo\u017eda sam i zaboravio, ali se ne sje?am vi\u0161e niti jednog doga?aja koji se tada dogodio. Mislim da nam je svaki dan bio sli?an, a tu smo bili desetak dana, sve do kraja smjene, negdje oko 15-20.07.1992. Ne sje?am se ni to?nog datuma. ?ak su mi potpuno izblijedjele slike smjene kada smo i\u0161li doma, cijelog puta. Znam samo da smo stali u Trogiru negdje na kavi kod nekoga od mojih prijatelja i nastavili put ku?i. <!--more--><\/p>\n<p>Do\u0161av\u0161i doma, svi smo bili sretni. I mi i na\u0161i voljeni. Moja \u017eivotna specifi?nost je ta \u0161to mi se je rodio sin \u00c2\u00a030.04.1993. godine, pa vi oduzmite devet mjeseci trudno?e moje Tanje! Poslije je do\u0161la i k?er te se cijela obitelj kompletirala.<\/p>\n<p>Danas smo ponosni roditelji i cijeli \u017eivot je podre?en njima. Od nogometnih utakmica, tae kwon doa, rukometa, suza i tuge, smijeha i radosti, \u0161kole i prve ljubavi, muljanja sa ocjenama, izlascima, zabranama i dogovorima. Sve je to pravi \u017eivot i ne \u017eelim ih optere?ivati time \u0161to smo mi pro\u0161li.<\/p>\n<p>Ali neka barem malo znaju o tim PONOSNIM danima.<\/p>\n<p>Koliko sam ozbiljno shvatio obavezu ?uvanja grada govori ?injenica: \u00c2\u00a0Mo\u017eete li vjerovati da sam bio u Dubrovniku, a nisam bio na Stradunu!!!!<strong><\/strong><\/p>\n<p><span style=\"color: #0000ff;\"><strong>KRAJ SERIJE<\/strong><\/span><\/p>\n<\/div>\n","protected":false},"excerpt":{"rendered":"<p>Alen Habek: Bjelovarci u Dubrovniku Ne znam, mo\u017eda sam i zaboravio, ali se ne sje?am vi\u0161e niti jednog doga?aja koji se tada dogodio. Mislim da nam je svaki dan bio sli?an, a tu smo bili desetak dana, sve do kraja smjene, negdje oko 15-20.07.1992. Ne sje?am se ni to?nog datuma. ?ak su mi potpuno izblijedjele [&hellip;]<\/p>\n","protected":false},"author":1,"featured_media":0,"comment_status":"open","ping_status":"open","sticky":false,"template":"","format":"standard","meta":{"ngg_post_thumbnail":0,"_jetpack_memberships_contains_paid_content":false,"footnotes":""},"categories":[40],"tags":[],"class_list":["post-5328","post","type-post","status-publish","format-standard","hentry","category-strijela-1m"],"jetpack_featured_media_url":"","jetpack_sharing_enabled":true,"_links":{"self":[{"href":"http:\/\/www.rat-u-gradu.alat.hr\/index.php?rest_route=\/wp\/v2\/posts\/5328","targetHints":{"allow":["GET"]}}],"collection":[{"href":"http:\/\/www.rat-u-gradu.alat.hr\/index.php?rest_route=\/wp\/v2\/posts"}],"about":[{"href":"http:\/\/www.rat-u-gradu.alat.hr\/index.php?rest_route=\/wp\/v2\/types\/post"}],"author":[{"embeddable":true,"href":"http:\/\/www.rat-u-gradu.alat.hr\/index.php?rest_route=\/wp\/v2\/users\/1"}],"replies":[{"embeddable":true,"href":"http:\/\/www.rat-u-gradu.alat.hr\/index.php?rest_route=%2Fwp%2Fv2%2Fcomments&post=5328"}],"version-history":[{"count":0,"href":"http:\/\/www.rat-u-gradu.alat.hr\/index.php?rest_route=\/wp\/v2\/posts\/5328\/revisions"}],"wp:attachment":[{"href":"http:\/\/www.rat-u-gradu.alat.hr\/index.php?rest_route=%2Fwp%2Fv2%2Fmedia&parent=5328"}],"wp:term":[{"taxonomy":"category","embeddable":true,"href":"http:\/\/www.rat-u-gradu.alat.hr\/index.php?rest_route=%2Fwp%2Fv2%2Fcategories&post=5328"},{"taxonomy":"post_tag","embeddable":true,"href":"http:\/\/www.rat-u-gradu.alat.hr\/index.php?rest_route=%2Fwp%2Fv2%2Ftags&post=5328"}],"curies":[{"name":"wp","href":"https:\/\/api.w.org\/{rel}","templated":true}]}}