{"id":5322,"date":"2013-02-23T00:36:48","date_gmt":"2013-02-22T23:36:48","guid":{"rendered":"http:\/\/www.rat-u-gradu.alat.hr\/?p=5322"},"modified":"2013-03-10T15:31:13","modified_gmt":"2013-03-10T14:31:13","slug":"5322","status":"publish","type":"post","link":"http:\/\/www.rat-u-gradu.alat.hr\/?p=5322","title":{"rendered":"Bjelovar &#8211; 17"},"content":{"rendered":"<p><strong>Alen Habek: Bjelovarci u Dubrovniku<\/strong><\/p>\n<div>\n<p>Ljudima je sama na\u0161a pojava ulijevala nekakvu sigurnost, ne znam za\u0161to je to tako bilo, ali imali smo osje?aj kao da smo nekakve pop zvijezde ili poznati nogometa\u0161i.\u00c2\u00a0Bili smo ponosni \u0161to je to tako i to nam je dalo jo\u0161 vi\u0161e motiva da sa?uvamo stari hrvatski grad od mogu?ih novih napada aviona.<!--more--><\/p>\n<p>U park Gradac smo do\u0161li u podne, te je tamo ve? bio iskopan rov za Strijelu. Ne znam da li je iskopan ba\u0161 za nas ili je ve? nekakvo oru\u017eje bili u njemu smje\u0161teno.\u00c2\u00a0Strijelu smo smjestili na borbeni polo\u017eaj i pomalo razgledavali okoli\u0161. Nave?er smo oti\u0161li u zgradu gdje smo spavali. Ako se dobro sje?am, bila je to zgrada Dubrova?ke filharmonije ili tako ne\u0161to.<\/p>\n<p>Od kada smo do\u0161li u Gradac, imali smo ?etiri-pet uzbuna, ali niti jednom nije neprijateljski zrakoplov do\u0161ao u blizinu grada.\u00c2\u00a0Vrijeme smo kratili tako da smo uvje\u017ebavali dizanje i spu\u0161tanje lansera iz putnog u borbeni polo\u017eaj, natjecali se tko ?e br\u017ee to obaviti. ?istili smo vozilo i stvarno bili bez ikakvoga posla. U daljini su se malo-pomalo ?ule detonacije, ali ni\u0161ta blizu nas. Jedanput je samo pala granata gore kod Sr?a.<\/p>\n<p>Malo poezije:<\/p>\n<p>Daleko od ku?e, od oca i majke, \u017eene i djece, po lijepom danu, oluji i buri, budno smo gledali u na\u0161e hrvatsko nebo i slu\u0161ali krikove usamljenih galebova. Budu?i da nas je pratio glas savjesnih ?uvara neba, neprijatelj nije krao prostor na\u0161im galebovima.<\/p>\n<p>To je napisao jedan od mojih prijatelja koji je bio poslije nas u Dubrovniku.<\/p>\n<\/div>\n<p>?uvali smo grad sve do 17.svibnja 1994.godine<\/p>\n<p><span style=\"color: #0000ff;\"><strong>NASTAVLJA SE<\/strong><\/span><\/p>\n","protected":false},"excerpt":{"rendered":"<p>Alen Habek: Bjelovarci u Dubrovniku Ljudima je sama na\u0161a pojava ulijevala nekakvu sigurnost, ne znam za\u0161to je to tako bilo, ali imali smo osje?aj kao da smo nekakve pop zvijezde ili poznati nogometa\u0161i.\u00c2\u00a0Bili smo ponosni \u0161to je to tako i to nam je dalo jo\u0161 vi\u0161e motiva da sa?uvamo stari hrvatski grad od mogu?ih novih [&hellip;]<\/p>\n","protected":false},"author":1,"featured_media":0,"comment_status":"open","ping_status":"open","sticky":false,"template":"","format":"standard","meta":{"ngg_post_thumbnail":0,"_jetpack_memberships_contains_paid_content":false,"footnotes":""},"categories":[40],"tags":[],"class_list":["post-5322","post","type-post","status-publish","format-standard","hentry","category-strijela-1m"],"jetpack_featured_media_url":"","jetpack_sharing_enabled":true,"_links":{"self":[{"href":"http:\/\/www.rat-u-gradu.alat.hr\/index.php?rest_route=\/wp\/v2\/posts\/5322","targetHints":{"allow":["GET"]}}],"collection":[{"href":"http:\/\/www.rat-u-gradu.alat.hr\/index.php?rest_route=\/wp\/v2\/posts"}],"about":[{"href":"http:\/\/www.rat-u-gradu.alat.hr\/index.php?rest_route=\/wp\/v2\/types\/post"}],"author":[{"embeddable":true,"href":"http:\/\/www.rat-u-gradu.alat.hr\/index.php?rest_route=\/wp\/v2\/users\/1"}],"replies":[{"embeddable":true,"href":"http:\/\/www.rat-u-gradu.alat.hr\/index.php?rest_route=%2Fwp%2Fv2%2Fcomments&post=5322"}],"version-history":[{"count":0,"href":"http:\/\/www.rat-u-gradu.alat.hr\/index.php?rest_route=\/wp\/v2\/posts\/5322\/revisions"}],"wp:attachment":[{"href":"http:\/\/www.rat-u-gradu.alat.hr\/index.php?rest_route=%2Fwp%2Fv2%2Fmedia&parent=5322"}],"wp:term":[{"taxonomy":"category","embeddable":true,"href":"http:\/\/www.rat-u-gradu.alat.hr\/index.php?rest_route=%2Fwp%2Fv2%2Fcategories&post=5322"},{"taxonomy":"post_tag","embeddable":true,"href":"http:\/\/www.rat-u-gradu.alat.hr\/index.php?rest_route=%2Fwp%2Fv2%2Ftags&post=5322"}],"curies":[{"name":"wp","href":"https:\/\/api.w.org\/{rel}","templated":true}]}}