{"id":5317,"date":"2013-02-16T03:26:30","date_gmt":"2013-02-16T02:26:30","guid":{"rendered":"http:\/\/www.rat-u-gradu.alat.hr\/?p=5317"},"modified":"2013-02-17T03:32:59","modified_gmt":"2013-02-17T02:32:59","slug":"bjelovar-16","status":"publish","type":"post","link":"http:\/\/www.rat-u-gradu.alat.hr\/?p=5317","title":{"rendered":"Bjelovar &#8211; 16"},"content":{"rendered":"<p><strong>Alen Habek: Bjelovarci u Dubrovniku<\/strong><\/p>\n<div>\n<p>Danas kada nekom \u017eelim ispri?ati i to malo \u0161to sam pro\u017eivio , ne da se hvalim nego samo da ispri?am, ka\u017eu \u00e2\u20ac\u201c daj nemoj o ratu, kad je to bilo, prije dvadeset godina. Prestani \u017eivjeti u pro\u0161losti.<!--more--><\/p>\n<p>Znam da ne vrijedi \u017eivjeti u pro\u0161losti, niti mo\u017ee\u0161 tako \u017eivjeti a niti ne \u017eivim. Rodila su se djeca, mora\u0161 ih \u0161kolovati, izvesti na pravi put. Svaki dio \u017eivota njima podre?uje\u0161. Ali ne smijemo zaboraviti. I iz inata ne?u zaboraviti kroz \u0161ta je pro\u0161la na\u0161a generacija. Kada do?e Dan mrtvih i kada pro?em grobljem, ponovo se svega sjetim i svih tih mojih prijatelja i znanaca. Ve?ina onih koji su dali svoje \u017eivote nisu kalkulirali kako ?e i \u0161to raditi poslije rata. Bili su mladena?ki zaigrani, ba\u0161 kao i ja i nismo bili svjesni na kakve situacije bismo mogli naletjeti. Na po?etku nam je to bila igra, no brzo smo odrasli.<\/p>\n<p>Ne?u zaboraviti iz razloga jer to \u0161to se de\u0161avalo nisu normalne \u017eivotne situacije, i makar mislim da nemam PTSP , na sve nas je na neki ve?i ili manji na?in ta situacija djelovala i ostavila negdje brazdu. Jesu li to hemoroidi, preskakanje srca, treptanje ili \u017eivci, alkohol, nesnala\u017eenje u situacijama i sli?no, sigurno nam je to razdoblje ostavilo trag koji ?e nas pratiti do kraja \u017eivota.<\/p>\n<p>Da se vratimo na polo\u017eaj.<\/p>\n<p>Tu prvu no? se nismo se vratili u Ora\u0161ac jer smo bili do 22 sata na polo\u017eaju, a u pola 4 smo ve? ponovo morali biti tamo, pa smo spavali u nekakvom bunkeru sa \u0161atorom negdje kod Osojnika. Bio je mrak i ne znam gdje se to sada nalazi.<\/p>\n<p>Granate su tu i tamo znale preletjeti tek toliko da znamo da rat i dalje traje.<\/p>\n<p>Ujutro u 4 smo do\u0161li do polo\u017eaja, spremni ko pu\u0161ke. Ponovo maskiramo Strijelu i zauzimamo polo\u017eaj, kada pored nas prolaze, kao u partizanskim filmovima, kolona na\u0161ih vojnika sa mazgama i konjima natovarenih sanducima municije, karnisterima s vodom i hranom. Pitam ih kuda ?e, oni ka\u017eu \u00e2\u20ac\u201c na ?uke, razdijeliti de?kima kome \u0161ta nedostaje. Svaka ?ast!<\/p>\n<p>Tu smo bili jo\u0161 par dana i tada dobili zapovijed da se selimo u Dubrovnik na polo\u017eaj u park Gradac. Sigurna je cesta kroz Moko\u0161icu pa mo\u017eemo pro?i.<\/p>\n<p>Natovarili smo na\u0161e stvari u stojadina i Strijelu i krenuli.Ja sam sjeo gore na Strijelu i namjerno nismo lansere spustili u polo\u017eaj za vo\u017enju da bi se malo preseravali i da ljudima dignemo moral. To vam ne mogu opisati. Svi su nam mahali sa strane, slali poljupce, pokazivali stisnutu \u0161aku za pobjedu, kao da smo mi oslobodili Dubrovnik. A nismo. <span style=\"color: #0000ff;\"><strong>Jeste. SVI vi zajedno!!!<\/strong><\/span><\/p>\n<p><span style=\"color: #0000ff;\"><strong>NASTAVLJA SE<\/strong><\/span><\/p>\n<\/div>\n","protected":false},"excerpt":{"rendered":"<p>Alen Habek: Bjelovarci u Dubrovniku Danas kada nekom \u017eelim ispri?ati i to malo \u0161to sam pro\u017eivio , ne da se hvalim nego samo da ispri?am, ka\u017eu \u00e2\u20ac\u201c daj nemoj o ratu, kad je to bilo, prije dvadeset godina. Prestani \u017eivjeti u pro\u0161losti.<\/p>\n","protected":false},"author":1,"featured_media":0,"comment_status":"open","ping_status":"open","sticky":false,"template":"","format":"standard","meta":{"ngg_post_thumbnail":0,"_jetpack_memberships_contains_paid_content":false,"footnotes":""},"categories":[40],"tags":[],"class_list":["post-5317","post","type-post","status-publish","format-standard","hentry","category-strijela-1m"],"jetpack_featured_media_url":"","jetpack_sharing_enabled":true,"_links":{"self":[{"href":"http:\/\/www.rat-u-gradu.alat.hr\/index.php?rest_route=\/wp\/v2\/posts\/5317","targetHints":{"allow":["GET"]}}],"collection":[{"href":"http:\/\/www.rat-u-gradu.alat.hr\/index.php?rest_route=\/wp\/v2\/posts"}],"about":[{"href":"http:\/\/www.rat-u-gradu.alat.hr\/index.php?rest_route=\/wp\/v2\/types\/post"}],"author":[{"embeddable":true,"href":"http:\/\/www.rat-u-gradu.alat.hr\/index.php?rest_route=\/wp\/v2\/users\/1"}],"replies":[{"embeddable":true,"href":"http:\/\/www.rat-u-gradu.alat.hr\/index.php?rest_route=%2Fwp%2Fv2%2Fcomments&post=5317"}],"version-history":[{"count":0,"href":"http:\/\/www.rat-u-gradu.alat.hr\/index.php?rest_route=\/wp\/v2\/posts\/5317\/revisions"}],"wp:attachment":[{"href":"http:\/\/www.rat-u-gradu.alat.hr\/index.php?rest_route=%2Fwp%2Fv2%2Fmedia&parent=5317"}],"wp:term":[{"taxonomy":"category","embeddable":true,"href":"http:\/\/www.rat-u-gradu.alat.hr\/index.php?rest_route=%2Fwp%2Fv2%2Fcategories&post=5317"},{"taxonomy":"post_tag","embeddable":true,"href":"http:\/\/www.rat-u-gradu.alat.hr\/index.php?rest_route=%2Fwp%2Fv2%2Ftags&post=5317"}],"curies":[{"name":"wp","href":"https:\/\/api.w.org\/{rel}","templated":true}]}}