{"id":5286,"date":"2013-01-04T00:22:27","date_gmt":"2013-01-03T23:22:27","guid":{"rendered":"http:\/\/www.rat-u-gradu.alat.hr\/?p=5286"},"modified":"2013-01-04T00:24:14","modified_gmt":"2013-01-03T23:24:14","slug":"bjelovar-10","status":"publish","type":"post","link":"http:\/\/www.rat-u-gradu.alat.hr\/?p=5286","title":{"rendered":"Bjelovar &#8211; 10"},"content":{"rendered":"<p><strong>Alen Habek: Bjelovarci u Dubrovniku<\/strong><\/p>\n<div>\n<p>Stalno se ?uju eksplozije u daljini, pa malo bli\u017ee. &#8220;Tu su i va\u0161i iz Bjelovara sa samohodnim haubicama&#8221;, ka\u017ee isti gospodin. Pitam ja dali ?etnici tuku po Ora\u0161cu? Ka\u017ee gospo?a: &#8220;Ma cijeli rat nije pala granata tu kod nas&#8221;. Tek \u0161to je to izrekla, grune granata u brdo iznad, dvjesto metara dalje.<!--more--> Mi smo se bacili na pod &#8211; bilo je daleko &#8211; ali dosta nas je upla\u0161ila. Ustajemo\u00c2\u00a0i tada je po?elo padati kamenje oko nas. Pa opet na pod. To je razlika rata u ravni?arskim i obalnim predjelima. Tamo granata padne, eksplodira i digne samo zemlju. Pa ako ima\u0161 sre?e da te proma\u0161e geleri, opasnost je pro\u0161la. Ovdje nije tako. Ona pukne, geleri se rasprsnu, no tada dolazi kamenje koje je isto tako opasno, a leti ?ini mi se dalje od gelera.<\/p>\n<p>Dobrodo\u0161licu smo dobili.<\/p>\n<p>Bio je prekrasan ljetni dan i ka\u017eem Goranu da odemo dolje na pla\u017eu. Prvi nam je dan i dok ?ekamo zapovijed kuda idemo na polo\u017eaj imamo se vremena okupati.<\/p>\n<p>Prihvatio je i krenuli smo, frajeri, na pla\u017eu. Pa na moru smo! Na cesti nas preleti granata, mi na pod, prekrijemo glave. Gledali smo puno partizanskih filmova. Ode u more. Dignemo se, par koraka, opet granata. Opet u more. Ka\u017ee Goran da se vratimo, ja ne?u, sada idemo dolje. Do?emo na pla\u017eu zavojitom cestom, a ono razo?aranje. Nigdje nikog, samo nas dvoje na pla\u017ei! Ja sam o?ekivao barem nekoga. Izgledalo je na prvi dojam, sablasno.Tu sam polako po?eo shva?ati da nismo do\u0161li na more, ve? u rat! (malo mi du\u017ee treba, prezaigran sam bio) .<\/p>\n<p>No, nisam se dao smesti. Kupamo se, u\u017eivancija. Isto tako, kada sam bio mali, po\u017eelio sam u Crikvenici kako bi bilo super da je pla\u017ea samo moja i da radim \u0161to god ho?u, da mogu roniti, skakati a da u nikoga ne zapnem. Sada je cijela pla\u017ea moja. Ali je gor?ina u mislima.<\/p>\n<p><span style=\"color: #0000ff\"><strong>NASTAVLJA SE<\/strong><\/span><\/p>\n<\/div>\n","protected":false},"excerpt":{"rendered":"<p>Alen Habek: Bjelovarci u Dubrovniku Stalno se ?uju eksplozije u daljini, pa malo bli\u017ee. &#8220;Tu su i va\u0161i iz Bjelovara sa samohodnim haubicama&#8221;, ka\u017ee isti gospodin. Pitam ja dali ?etnici tuku po Ora\u0161cu? Ka\u017ee gospo?a: &#8220;Ma cijeli rat nije pala granata tu kod nas&#8221;. Tek \u0161to je to izrekla, grune granata u brdo iznad, dvjesto [&hellip;]<\/p>\n","protected":false},"author":1,"featured_media":0,"comment_status":"open","ping_status":"open","sticky":false,"template":"","format":"standard","meta":{"ngg_post_thumbnail":0,"_jetpack_memberships_contains_paid_content":false,"footnotes":""},"categories":[40],"tags":[],"class_list":["post-5286","post","type-post","status-publish","format-standard","hentry","category-strijela-1m"],"jetpack_featured_media_url":"","jetpack_sharing_enabled":true,"_links":{"self":[{"href":"http:\/\/www.rat-u-gradu.alat.hr\/index.php?rest_route=\/wp\/v2\/posts\/5286","targetHints":{"allow":["GET"]}}],"collection":[{"href":"http:\/\/www.rat-u-gradu.alat.hr\/index.php?rest_route=\/wp\/v2\/posts"}],"about":[{"href":"http:\/\/www.rat-u-gradu.alat.hr\/index.php?rest_route=\/wp\/v2\/types\/post"}],"author":[{"embeddable":true,"href":"http:\/\/www.rat-u-gradu.alat.hr\/index.php?rest_route=\/wp\/v2\/users\/1"}],"replies":[{"embeddable":true,"href":"http:\/\/www.rat-u-gradu.alat.hr\/index.php?rest_route=%2Fwp%2Fv2%2Fcomments&post=5286"}],"version-history":[{"count":0,"href":"http:\/\/www.rat-u-gradu.alat.hr\/index.php?rest_route=\/wp\/v2\/posts\/5286\/revisions"}],"wp:attachment":[{"href":"http:\/\/www.rat-u-gradu.alat.hr\/index.php?rest_route=%2Fwp%2Fv2%2Fmedia&parent=5286"}],"wp:term":[{"taxonomy":"category","embeddable":true,"href":"http:\/\/www.rat-u-gradu.alat.hr\/index.php?rest_route=%2Fwp%2Fv2%2Fcategories&post=5286"},{"taxonomy":"post_tag","embeddable":true,"href":"http:\/\/www.rat-u-gradu.alat.hr\/index.php?rest_route=%2Fwp%2Fv2%2Ftags&post=5286"}],"curies":[{"name":"wp","href":"https:\/\/api.w.org\/{rel}","templated":true}]}}