{"id":5275,"date":"2012-12-28T00:10:02","date_gmt":"2012-12-27T23:10:02","guid":{"rendered":"http:\/\/www.rat-u-gradu.alat.hr\/?p=5275"},"modified":"2012-12-28T00:18:06","modified_gmt":"2012-12-27T23:18:06","slug":"bjelovar-9-2","status":"publish","type":"post","link":"http:\/\/www.rat-u-gradu.alat.hr\/?p=5275","title":{"rendered":"Bjelovar &#8211; 9"},"content":{"rendered":"<p><strong>Alen Habek: Bjelovarci u Dubrovniku<\/strong><\/p>\n<div>\n<p><strong>MOJ DOLAZAK U ORA\u00c5\u00a0AC<\/strong><\/p>\n<p><strong>\u00c2\u00a0<\/strong>Bez la\u017enog dodvoravanja ikome: bio sam ponosan \u0161to idem u Dubrovnik. Stari Hrvatski grad, izmu?en u ratu do tada, druga?iji okoli\u0161 od na\u0161eg ravni?arskog, volim more\u00e2\u20ac\u00a6 Sve su to elementi koji su prevladali da pristanem i?i. Znao sam da ne?u biti heroj, da ne?u posmicati 100 ?etnika i da ne?u i?i u borbu prsa o prsa. Ali sam isto tako znao da ?u dati sve od sebe da tim oru\u017ejem \u0161to ga imam, za\u0161titim i de?ke koji sa ?uka navode topnike i te topnike i tenkove, borce koji na prvoj crti juri\u0161aju na neprijatelja, grad Dubrovnik.<!--more--><\/p>\n<div>\n<p>\u00c2\u00a0Oprostio sam se od\u00c2\u00a0Tanje (o\u017eenio sam se u 22-oj). Krenuli smo predve?er kombijem Citroenom. Goran, Ante, Alek i ja, te na\u0161 voza? Kontrec. Putovali smo preko Zagreba, Karlovca, Generalskog Stola do trajekta Prizna &#8211; \u017digljan na Pagu. Pa\u0161ki most pa dalje do Splita, u Makarsku na kavu, Opuzen i kona?no Ora\u0161ac.<\/p>\n<p>Bila mi je to jedna od najuzbudljivijih vo\u017enji u \u017eivotu. Ina?e i sam volim voziti brzo, ali sigurno, bez ulaska u \u0161kare i dovode?i se u nekakve situacije da ugrozim sebe i putnike koje vozim.\u00c2\u00a0\u00c2\u00a0\u00c2\u00a0\u00c2\u00a0\u00c2\u00a0\u00c2\u00a0\u00c2\u00a0\u00c2\u00a0\u00c2\u00a0\u00c2\u00a0\u00c2\u00a0 ?ak volim ?uti da me netko koga vozim pohvali i da ka\u017ee kako se voli voziti sa mnom. Ka\u017eem, a ne vozim uop?e sporo. Ali ovo \u0161to nas je voza? Kontrec vozio i dan danas mi je urezano u sje?anju. Po onim serpentinama na Velebitu i Pagu, zavojima, ravnicama, prilikom pretjecanja, vozio nas je tako brzo kombijem koji je ba\u0161 mogao i potegnuti, gdje ?ak ni ja ne bih poku\u0161ao brzo voziti. Ali isto tako je zra?io takvom sigurno\u0161?u i znanjem da niti u jednom trenutku nisam pomislio \u0161to nam se mo\u017ee dogoditi ako pogrije\u0161i. Hvala mu na toj vo\u017enji.<\/p>\n<p>Stigli smo u Ora\u0161ac. Na\u0161li smo de?ke koje mijenjamo, za\u017eeljeli su se ku?e i htjeli su \u0161to prije krenuti doma. Preuzeli smo Strijelu, opremu, zadatke i oni su oti\u0161li. Bili smo smje\u0161teni ba\u0161 u Ora\u0161cu. Sje?anja su izblijedjela, ne znam da li bih sada na\u0161ao tu ku?u, kod jedne obitelji, starija gospo?a i ?ini mi se njezin sin, pedesetak godina. Mislim da je bio pomorac, kapetan broda. Ba\u0161 gospodska obitelj.<\/p>\n<p>Skuhali su kavu za dobrodo\u0161licu, dali nam kola?e i sjeli smo na terasu. Prekrasno\u00e2\u20ac\u00a6Miris mora, borova, kiwi iznad nas. Ka\u017ee gospodin da postoje mu\u0161ki i \u017eenski kivi. Nisam to znao.<\/p>\n<\/div>\n<p><span style=\"color: #0000ff\"><strong>NASTAVLJA SE<\/strong><\/span><\/p>\n<\/div>\n","protected":false},"excerpt":{"rendered":"<p>Alen Habek: Bjelovarci u Dubrovniku MOJ DOLAZAK U ORA\u00c5\u00a0AC \u00c2\u00a0Bez la\u017enog dodvoravanja ikome: bio sam ponosan \u0161to idem u Dubrovnik. Stari Hrvatski grad, izmu?en u ratu do tada, druga?iji okoli\u0161 od na\u0161eg ravni?arskog, volim more\u00e2\u20ac\u00a6 Sve su to elementi koji su prevladali da pristanem i?i. Znao sam da ne?u biti heroj, da ne?u posmicati 100 [&hellip;]<\/p>\n","protected":false},"author":1,"featured_media":0,"comment_status":"open","ping_status":"open","sticky":false,"template":"","format":"standard","meta":{"ngg_post_thumbnail":0,"_jetpack_memberships_contains_paid_content":false,"footnotes":""},"categories":[40],"tags":[],"class_list":["post-5275","post","type-post","status-publish","format-standard","hentry","category-strijela-1m"],"jetpack_featured_media_url":"","jetpack_sharing_enabled":true,"_links":{"self":[{"href":"http:\/\/www.rat-u-gradu.alat.hr\/index.php?rest_route=\/wp\/v2\/posts\/5275","targetHints":{"allow":["GET"]}}],"collection":[{"href":"http:\/\/www.rat-u-gradu.alat.hr\/index.php?rest_route=\/wp\/v2\/posts"}],"about":[{"href":"http:\/\/www.rat-u-gradu.alat.hr\/index.php?rest_route=\/wp\/v2\/types\/post"}],"author":[{"embeddable":true,"href":"http:\/\/www.rat-u-gradu.alat.hr\/index.php?rest_route=\/wp\/v2\/users\/1"}],"replies":[{"embeddable":true,"href":"http:\/\/www.rat-u-gradu.alat.hr\/index.php?rest_route=%2Fwp%2Fv2%2Fcomments&post=5275"}],"version-history":[{"count":0,"href":"http:\/\/www.rat-u-gradu.alat.hr\/index.php?rest_route=\/wp\/v2\/posts\/5275\/revisions"}],"wp:attachment":[{"href":"http:\/\/www.rat-u-gradu.alat.hr\/index.php?rest_route=%2Fwp%2Fv2%2Fmedia&parent=5275"}],"wp:term":[{"taxonomy":"category","embeddable":true,"href":"http:\/\/www.rat-u-gradu.alat.hr\/index.php?rest_route=%2Fwp%2Fv2%2Fcategories&post=5275"},{"taxonomy":"post_tag","embeddable":true,"href":"http:\/\/www.rat-u-gradu.alat.hr\/index.php?rest_route=%2Fwp%2Fv2%2Ftags&post=5275"}],"curies":[{"name":"wp","href":"https:\/\/api.w.org\/{rel}","templated":true}]}}