{"id":4962,"date":"2012-03-04T16:38:55","date_gmt":"2012-03-04T15:38:55","guid":{"rendered":"http:\/\/www.rat-u-gradu.alat.hr\/?p=4962"},"modified":"2012-05-03T04:43:02","modified_gmt":"2012-05-03T02:43:02","slug":"4962","status":"publish","type":"post","link":"http:\/\/www.rat-u-gradu.alat.hr\/?p=4962","title":{"rendered":"Dr Jak\u0161a Ragu\u017e: in memoriam \u00c5\u00a0eren \u00c4\u2020atovi? I dio"},"content":{"rendered":"<p style=\"text-align: left;\" align=\"center\"><a href=\"http:\/\/www.rat-u-gradu.alat.hr\/?attachment_id=4998\" rel=\"attachment wp-att-4998\"><img loading=\"lazy\" decoding=\"async\" class=\"alignleft size-medium wp-image-4998\" title=\"catovic\" src=\"http:\/\/www.rat-u-gradu.alat.hr\/wp-content\/uploads\/2012\/03\/catovic-241x300.jpg\" alt=\"\" width=\"241\" height=\"300\" srcset=\"http:\/\/www.rat-u-gradu.alat.hr\/wp-content\/uploads\/2012\/03\/catovic-241x300.jpg 241w, http:\/\/www.rat-u-gradu.alat.hr\/wp-content\/uploads\/2012\/03\/catovic-824x1024.jpg 824w, http:\/\/www.rat-u-gradu.alat.hr\/wp-content\/uploads\/2012\/03\/catovic.jpg 1501w\" sizes=\"auto, (max-width: 241px) 100vw, 241px\" \/><\/a>\u00c2\u00a0\u00c2\u00a0 <span style=\"color: #000080;\"><strong>Jak\u0161a neumorno istra\u017euje, a ja sa zahvalno\u0161?u prihva?am dozvolu da na blogu pone\u0161to objavim. Crtice i \u017eivotopise ljudi o kojima malo ili ni\u0161ta ne znamo, a koji su obilje\u017eili po?etak stvaranja i obranu Lijepe na\u0161e. Hvala, Jak\u0161a!<\/strong><\/span><\/p>\n<p align=\"center\"><strong>Dr. sc. Jak\u0161a Ragu\u017e<\/strong><\/p>\n<p align=\"center\">Hrvatski institut za povijest<\/p>\n<p align=\"center\">In memoriam &#8211; povodom dvadesete obljetnice pogibije prvog dubrova?kog branitelja<\/p>\n<p align=\"center\"><strong>\u00c5\u00a0EREN \u00c4\u2020ATOVI\u00c4\u2020\u00c2\u00a0\u00c2\u00a0\u00c2\u00a0 <\/strong>(20. IX. 1955. &#8211; 25. IX. 1991.)<\/p>\n<p>\u00c2\u00a0\u00c2\u00a0\u00c2\u00a0\u00c2\u00a0\u00c2\u00a0\u00c2\u00a0\u00c2\u00a0\u00c2\u00a0\u00c2\u00a0\u00c2\u00a0\u00c2\u00a0\u00c2\u00a0 Dolazak jesenskih dana u Dubrov?anima svake godine budi tu\u017ena sje?anja na rujan 1991. i po?etak prete\u0161kih dana, mjeseci i godina srpsko-crnogorske agresije u kojoj je poginulo oko 500 branitelja i civila, kako onih s \u0161ireg dubrova?kog podru?ja, tako i iz drugih dijelova Hrvatske, BiH ali i iz drugih dr\u017eava svijeta. Prvi u tom tragi?nom nizu koji je polo\u017eio \u017eivot za slobodu hrvatskog juga je na\u0161 sugra?anin \u00c5\u00a0eren \u00c4\u2020atovi?.<!--more--><\/p>\n<p>\u00c2\u00a0\u00c2\u00a0\u00c2\u00a0\u00c2\u00a0\u00c2\u00a0\u00c2\u00a0\u00c2\u00a0\u00c2\u00a0\u00c2\u00a0\u00c2\u00a0\u00c2\u00a0 \u00c5\u00a0eren se rodio 20. rujna 1955. u Trebinju od oca Ismeta i majke Safije. Do po?etka Domovinskog rata je kao in\u017einjer strojarstva radio u Tvornici ugljenografitnih i elektrokontaktnih proizvoda (TUP) \u00e2\u20ac\u017eNikola Ma\u0161anovi?\u00e2\u20ac\u0153 u Dubrovniku, na mjestu glavnog in\u017eenjera. Sa suprugom Edinom \u017eivio je u Dubrovniku, u Liechsteinovoj ulici.<\/p>\n<p>\u00c2\u00a0\u00c2\u00a0\u00c2\u00a0\u00c2\u00a0\u00c2\u00a0\u00c2\u00a0\u00c2\u00a0\u00c2\u00a0\u00c2\u00a0\u00c2\u00a0\u00c2\u00a0 U obrambene pripreme se uklju?io 16. svibnja 1991. kada su ga ispred op?inskog Sekretarijata za narodnu obranu pozvali sekretar Miljenko Brato\u0161 i Aljo\u0161a Nikoli?. Sekretarijat je nastojao u Dubrovniku pokrenuti proizvodnju obrambenih sredstava. Naime najve?i problem s kojim su se 1991. godine suo?ile dubrova?ke obrambene strukture bio je nedostatak oru\u017eja i op?enito oru\u017eanih tehni?kih sredstava. U op?ini Dubrovnik nije bilo vojnih objekata iz kojih bi ih se moglo uzeti (vojarni JNA nije bilo, a skladi\u0161te dubrova?ke Teritorijalne obrane\u00c2\u00a0se nalazilo u okolici Trebinja!). Kako su druga hrvatska boji\u0161ta imala prioritet, malo toga se moglo dobiti iz Zagreba, Splita ili Plo?a. Stoga je odlu?eno da se pokrene vlastita proizvodnja oru\u017eja i vojne opreme i to kroz okupljanje pojedinaca voljnih uklju?iti se u obranu domovine, a dovoljno tehni?ki obrazovanih da se mogu prihvatiti zadatka izrade eksplozivnih sredstava, oru\u017eja i oru?a. \u00c5\u00a0eren \u00c4\u2020atovi? je bio bio ba\u0161 takav. Iako po nacionalnosti Musliman\/Bo\u0161njak, bio je istinski domoljub pripravan staviti se u slu\u017ebu obrane Hrvatske.<\/p>\n<p>\u00c2\u00a0\u00c2\u00a0\u00c2\u00a0\u00c2\u00a0\u00c2\u00a0\u00c2\u00a0\u00c2\u00a0\u00c2\u00a0\u00c2\u00a0\u00c2\u00a0\u00c2\u00a0 Tako se pristupilo izradi eksplozivnih naprava i to od eksplozivnih sredstava zaostalih u dubrova?kom podmorju iz Drugog svjetskog rata. Povla?e?i se iz Dubrovnika 1944. godine postrojbe njema?kog Wehrmacht su u more pobacale desetine tona granata i mina. Sekretar Brato\u0161 je anga\u017eirao instruktora ronjenja i pirotehni?ara &#8211; specijalistu za minsko-eksplozivna sredstva Aljo\u0161u Nikoli?a da okupi tim ronilaca i s njima izvadi \u0161to vi\u0161e tih mina i granata. Va?enje iz podmorja Gru\u017ea, Lokruma i Lopuda je po?elo u svibnju 1991. Istovremeno Nikoli? je, uva\u017eavaju?i sirovine koje se imalo (izronjene mine i gra?evinski eksploziv \u00e2\u20ac\u017eVitezit\u00e2\u20ac\u0153 koji se dobilo od hrvatskih struktura iz Srednje Bosne), osmislio vi\u0161e rje\u0161enja za proizvodnju bombi, protutenkovskih i protupje\u0161a?kih mina.<\/p>\n<p>\u00c2\u00a0\u00c2\u00a0\u00c2\u00a0\u00c2\u00a0\u00c2\u00a0\u00c2\u00a0\u00c2\u00a0\u00c2\u00a0\u00c2\u00a0\u00c2\u00a0\u00c2\u00a0<span style=\"color: #000080;\"><strong> NASTAVLJA SE<\/strong><\/span><\/p>\n","protected":false},"excerpt":{"rendered":"<p>\u00c2\u00a0\u00c2\u00a0 Jak\u0161a neumorno istra\u017euje, a ja sa zahvalno\u0161?u prihva?am dozvolu da na blogu pone\u0161to objavim. Crtice i \u017eivotopise ljudi o kojima malo ili ni\u0161ta ne znamo, a koji su obilje\u017eili po?etak stvaranja i obranu Lijepe na\u0161e. Hvala, Jak\u0161a! Dr. sc. Jak\u0161a Ragu\u017e Hrvatski institut za povijest In memoriam &#8211; povodom dvadesete obljetnice pogibije prvog dubrova?kog [&hellip;]<\/p>\n","protected":false},"author":1,"featured_media":0,"comment_status":"open","ping_status":"open","sticky":false,"template":"","format":"standard","meta":{"ngg_post_thumbnail":0,"_jetpack_memberships_contains_paid_content":false,"footnotes":""},"categories":[9],"tags":[],"class_list":["post-4962","post","type-post","status-publish","format-standard","hentry","category-ratne-crtice"],"jetpack_featured_media_url":"","jetpack_sharing_enabled":true,"_links":{"self":[{"href":"http:\/\/www.rat-u-gradu.alat.hr\/index.php?rest_route=\/wp\/v2\/posts\/4962","targetHints":{"allow":["GET"]}}],"collection":[{"href":"http:\/\/www.rat-u-gradu.alat.hr\/index.php?rest_route=\/wp\/v2\/posts"}],"about":[{"href":"http:\/\/www.rat-u-gradu.alat.hr\/index.php?rest_route=\/wp\/v2\/types\/post"}],"author":[{"embeddable":true,"href":"http:\/\/www.rat-u-gradu.alat.hr\/index.php?rest_route=\/wp\/v2\/users\/1"}],"replies":[{"embeddable":true,"href":"http:\/\/www.rat-u-gradu.alat.hr\/index.php?rest_route=%2Fwp%2Fv2%2Fcomments&post=4962"}],"version-history":[{"count":0,"href":"http:\/\/www.rat-u-gradu.alat.hr\/index.php?rest_route=\/wp\/v2\/posts\/4962\/revisions"}],"wp:attachment":[{"href":"http:\/\/www.rat-u-gradu.alat.hr\/index.php?rest_route=%2Fwp%2Fv2%2Fmedia&parent=4962"}],"wp:term":[{"taxonomy":"category","embeddable":true,"href":"http:\/\/www.rat-u-gradu.alat.hr\/index.php?rest_route=%2Fwp%2Fv2%2Fcategories&post=4962"},{"taxonomy":"post_tag","embeddable":true,"href":"http:\/\/www.rat-u-gradu.alat.hr\/index.php?rest_route=%2Fwp%2Fv2%2Ftags&post=4962"}],"curies":[{"name":"wp","href":"https:\/\/api.w.org\/{rel}","templated":true}]}}