{"id":4957,"date":"2012-02-15T02:15:47","date_gmt":"2012-02-15T01:15:47","guid":{"rendered":"http:\/\/www.rat-u-gradu.alat.hr\/?p=4957"},"modified":"2012-03-04T16:43:05","modified_gmt":"2012-03-04T15:43:05","slug":"pogibija-heroja-miljenka-bratosa-ix-dio","status":"publish","type":"post","link":"http:\/\/www.rat-u-gradu.alat.hr\/?p=4957","title":{"rendered":"Pogibija heroja Miljenka Brato\u0161a IX dio"},"content":{"rendered":"<p><span style=\"color: #000080;\"><strong>Dr.sc. JAK\u00c5\u00a0A RAGU\u017d: SMRT MILJENKA BRATO\u00c5\u00a0A <\/strong><\/span><\/p>\n<p><span style=\"color: #000080;\">izjave Bara Asanovi?a, od 18. svibnja 1992. godine <strong>II dio<\/strong><\/span><\/p>\n<p>Ve? u momentu parkiranja ove \u00e2\u20ac\u017e\u00c5\u00a0kode\u00e2\u20ac\u0153 nadolazilo je jedno vozilo iz pravca grada marke VW \u00e2\u20ac\u017eGolf\u00e2\u20ac\u0153, bijele boje, dosta brzo, koje je imalo upaljena svjetla, koje se nije na pokazivanje od strane vojnika sa desne strane zaustavilo, ve? samo pomalo smanjivalo brzinu dok se nije na\u0161lo u razini vojnika lijevo i vojnika desno. Do\u0161av\u0161i u tu razinu voza? \u00e2\u20ac\u017eGolfa\u00e2\u20ac\u0153 je nastavio, nezaustavljaju?i se i pove?avaju?i brzinu, kretati u pravcu hotela \u00e2\u20ac\u017eBelvedere\u00e2\u20ac\u0153 odnosno \u00e2\u20ac\u017eArgentina\u00e2\u20ac\u0153 \u00e2\u20ac\u201c \u00e2\u20ac\u017eExcelsior\u00e2\u20ac\u0153.<!--more--> U istom momentu pove?anjem brzine od strane voza?a \u00e2\u20ac\u017eGolfa\u00e2\u20ac\u0153, vojnik sa lijeve strane \u00c5\u00a0kobalj D\u017eemal je po?eo da vi?e \u00e2\u20ac\u017eStoj, Stani\u00e2\u20ac\u0153 a kako je ovaj voza? nastavio kretanje \u00c5\u00a0kobalj je kleknuo na asfalt i sa automatskom pu\u0161kom po?eo pucati u dno automobila. Mislim dno automobila iz razloga \u0161to je automat bio u polo\u017eaju takvom u rukama \u00c5\u00a0kobalja da je cijev i\u0161la u pravcu donjeg dijela automobila. Nakon toga je uslijedio rafal, a odmah zatim i zaustavljanje \u00e2\u20ac\u017eGolfa\u00e2\u20ac\u0153.<\/p>\n<p>Po ispaljivanju, a nakon zaustavljanja \u00e2\u20ac\u017eGolfa\u00e2\u20ac\u0153 \u00c5\u00a0kobalj je pritr?ao do automobila, otvorio vrata voza?a, glasno govore?i \u00e2\u20ac\u017epogodio sam svog zapovjednika\u00e2\u20ac\u0153, to?no se rije?i ne sje?am, da li je rekao pogodio ili ubio. \u00c5\u00a0kobalj je zatim pozvao mene, pa sam ja pritr?ao automobilu, kako bi pomogao da izvu?emo povrije?enog iz istog.<\/p>\n<p>Ja sam u voza?u prepoznao Brato\u0161 Miljenka kojega osobno znam iz vi?enja, ali nisam imao nikad sa njime bilo kakove razgovore ili kontakte. Znao sam da je na?elnik SNO-e SO Dubrovnik. Kad sam pomagao, nakon poziva D\u017eemala, va?enje iz automobila pok. Brato\u0161a, Brato\u0161 je bio naslonjen na sjedi\u0161te, ruku spu\u0161tenih uz tijelo i glavom malo pognutom naprijed od naslona glave. Isti je bio obu?en u maskirnu uniformu. Na desnom sjedi\u0161tu, sjedi\u0161tu suvoza?a, nije se nitko nalazio niti je \u0161to bilo, a koliko sam vidio, jer je bio mrak, i jedino svjetlo bilo je svjetlo automobila koje se pali otvaranjem vrata voza?a ili pak suvoza?a, dok je na zadnjem sjedi\u0161tu bio \u00e2\u20ac\u017e\u0161at \u00e2\u20ac\u201c gan\u00e2\u20ac\u0153. Za pasom na kai\u0161u pok. Brato\u0161 je imao u futroli pi\u0161tolj \u00e2\u20ac\u017eZbrojevku\u00e2\u20ac\u0153, a pozadi na polici ispod zadnjeg vjetrobranskog stakla bili neki dokumenti. Mjesto gdje je bio ranjen nisam mogao vidjeti, a zbog brzine, mraka, i poku\u0161aja da \u0161to prije do?em do bolnice, nisam se zagledavao gdje bi mogao biti ranjen pok. Brato\u0161. Odmah sam oti\u0161ao do svog automobila na parkirali\u0161tu, koje je od mjesta zaustavljanja \u00e2\u20ac\u017eGolfa\u00e2\u20ac\u0153 Brato\u0161a bio udaljen 50 metara, stavio sam ga u polo\u017eaj le\u017ee?i sjedi\u0161te suvoza?a kod mene, ispravljam se, preklopio sam naprijed sjedi\u0161te suvoza?a prema prednjem vjetrobranskom staklu i uz pomo? \u00c5\u00a0kobalja, Serti?a, Medija i mog sina smjestio na zadnje sjedi\u0161te pok. Brato\u0161a, stavljaju?i mu noge na preklopljeno sjedi\u0161te suvoza?a. U tom polo\u017eaju pok. Brato\u0161 je le\u017eao na svojoj lijevoj strani gdje se rukom dr\u017eao, a isti je ruku dr\u017eao na desnoj strani u predjelu stomaka. Odmah sam krenuo sa pok. Brato\u0161em prema bolnici \u00e2\u20ac\u017eSv. Vlaho\u00e2\u20ac\u0153 na Medarevu, dok su moj sin i Medi Ton?i ostali da me ?ekaju skupa sa \u00c5\u00a0kobljom i Serti? Ninoslavom.<\/p>\n<p>Tokom puta mi je pok. Brato\u0161 rekao: \u00e2\u20ac\u017eVidi\u0161, ja izdao zapovjed, pa me moji ubili\u00e2\u20ac\u0153. Ja sam mu na ovo njegovo kroz razgovor, koji je trajao sve do 20 metara ispred bolnice, rekao: \u00e2\u20ac\u017edobro, kako se niste zaustavili kad su vas zaustavljali\u00e2\u20ac\u0153. Pok. Brato\u0161 je ne\u0161to rekao u smislu \u00e2\u20ac\u017ene znam ni sam\u00e2\u20ac\u0153. Dolaskom u bolnicu ja sam iza\u0161ao iz automobila i tra\u017eio pomo? prema prijemnoj ambulanti, nakon ?ega su odmah sa nosilima, kolicima iza\u0161la dva medicinska brata iz bolnice, koji su skupa sa mnom na kolica postavili pok. Brato\u0161a. U prijemnoj sam se kratko zadr\u017eao dok sam pomogao staviti na stol pok. Brato\u0161a, a zatim sam se vratio do automobila kako bi oti\u0161ao po sina i Ton?a Medija, da bi oti\u0161ao na spavanje. Dolaskom u automobili primjetio sam na podu izme?u prednjih sjedala i zadnjeg sjedi\u0161ta pi\u0161tolj marke \u00e2\u20ac\u017eZbrojevka\u00e2\u20ac\u0153 ?Z, kojega sam vidio na pasu kod pok. Brato\u0161a. Ovaj pi\u0161tolj je izgledao kao ?Z i nisam siguran sto posto da je to bila ?Z ali je oblik sli?an istoj. Dolaskom na parkirali\u0161te gdje sam ostavio sina i Medi Ton?a ja sam navedeni pi\u0161tolj predao \u00e2\u20ac\u201c stavio na sjedi\u0161te zadnje automobila u kojem se kretao pok. Brato\u0161 gdje se nalazio i \u00e2\u20ac\u017e\u0161at \u00e2\u20ac\u201c gan\u00e2\u20ac\u0153. Ovo stavljanje pi\u0161tolja vidio je moj sin i Medi Ton?i, kao i \u00c5\u00a0kobalj i Serti?, time \u0161to sam \u00c5\u00a0kobalju napomenuo da ni\u0161ta ne diraju do dolaska policije, odnosno ekipe koja ?e izvr\u0161iti uvi?aj. Nakon toga ja sam jo\u0161 nadodao \u00c5\u00a0kobalju i Serti?u da ako bude kakvih nejasno?a glede samog doga?aja oko ranjavanja brato\u0161a, da me mogu prona?i preko ?engije Eduarda. Istom zatim skupa sa sinom i Ton?om ja sam oti\u0161ao spavati. Vi\u0161e nemam \u0161to izjaviti, a sve \u0161to sam izjavio je istina.<\/p>\n<p style=\"text-align: left;\" align=\"center\"><span style=\"color: #000080;\"><strong>\u00c2\u00a0KRAJ SERIJE<\/strong><\/span><\/p>\n","protected":false},"excerpt":{"rendered":"<p>Dr.sc. JAK\u00c5\u00a0A RAGU\u017d: SMRT MILJENKA BRATO\u00c5\u00a0A izjave Bara Asanovi?a, od 18. svibnja 1992. godine II dio Ve? u momentu parkiranja ove \u00e2\u20ac\u017e\u00c5\u00a0kode\u00e2\u20ac\u0153 nadolazilo je jedno vozilo iz pravca grada marke VW \u00e2\u20ac\u017eGolf\u00e2\u20ac\u0153, bijele boje, dosta brzo, koje je imalo upaljena svjetla, koje se nije na pokazivanje od strane vojnika sa desne strane zaustavilo, ve? samo [&hellip;]<\/p>\n","protected":false},"author":1,"featured_media":0,"comment_status":"open","ping_status":"open","sticky":false,"template":"","format":"standard","meta":{"ngg_post_thumbnail":0,"_jetpack_memberships_contains_paid_content":false,"footnotes":""},"categories":[31],"tags":[],"class_list":["post-4957","post","type-post","status-publish","format-standard","hentry","category-serije"],"jetpack_featured_media_url":"","jetpack_sharing_enabled":true,"_links":{"self":[{"href":"http:\/\/www.rat-u-gradu.alat.hr\/index.php?rest_route=\/wp\/v2\/posts\/4957","targetHints":{"allow":["GET"]}}],"collection":[{"href":"http:\/\/www.rat-u-gradu.alat.hr\/index.php?rest_route=\/wp\/v2\/posts"}],"about":[{"href":"http:\/\/www.rat-u-gradu.alat.hr\/index.php?rest_route=\/wp\/v2\/types\/post"}],"author":[{"embeddable":true,"href":"http:\/\/www.rat-u-gradu.alat.hr\/index.php?rest_route=\/wp\/v2\/users\/1"}],"replies":[{"embeddable":true,"href":"http:\/\/www.rat-u-gradu.alat.hr\/index.php?rest_route=%2Fwp%2Fv2%2Fcomments&post=4957"}],"version-history":[{"count":0,"href":"http:\/\/www.rat-u-gradu.alat.hr\/index.php?rest_route=\/wp\/v2\/posts\/4957\/revisions"}],"wp:attachment":[{"href":"http:\/\/www.rat-u-gradu.alat.hr\/index.php?rest_route=%2Fwp%2Fv2%2Fmedia&parent=4957"}],"wp:term":[{"taxonomy":"category","embeddable":true,"href":"http:\/\/www.rat-u-gradu.alat.hr\/index.php?rest_route=%2Fwp%2Fv2%2Fcategories&post=4957"},{"taxonomy":"post_tag","embeddable":true,"href":"http:\/\/www.rat-u-gradu.alat.hr\/index.php?rest_route=%2Fwp%2Fv2%2Ftags&post=4957"}],"curies":[{"name":"wp","href":"https:\/\/api.w.org\/{rel}","templated":true}]}}