{"id":4902,"date":"2011-12-12T02:35:09","date_gmt":"2011-12-12T01:35:09","guid":{"rendered":"http:\/\/www.rat-u-gradu.alat.hr\/?p=4902"},"modified":"2011-12-12T03:02:48","modified_gmt":"2011-12-12T02:02:48","slug":"misljenja","status":"publish","type":"post","link":"http:\/\/www.rat-u-gradu.alat.hr\/?p=4902","title":{"rendered":"MI\u00c5\u00a0LJENJA"},"content":{"rendered":"<p><span style=\"color: #0000ff;\"><strong>ANTUN PER?IN &#8211; PERI:<\/strong><\/span><\/p>\n<p>\u00c2\u00a0\u00c2\u00a0 Jako je te\u0161ko ne komentirati 1.300 branitelja grada i sam sam dobio medalju i to mi je jedino \u0161to sam dobio u ovome ratu, ni spomenicu nemam. Ina?e sam jedan od \u0161est &#8211; sedam ljudi koji su u Sustjepanu proveli 8 mjeseci, od po?etka do kraja i sam sam bio iznena?en kako to da ljudi sa strane koji su branili grad nisu dobili medalje, me?utim nisam na tome stao ve? sam se obratio nekim zapovijednicima i digao glas za te ljude. Me?utim dobio sam odgovor da ?e biti nagra?ene postrojbe, svi poginuli a da je jednostavno nemogu?e bilo do?i do svih imena i sakupiti sve te ljude na postrojavanju, da je to nemogu?e i da se i u Vvukovaru postrojavala samo Vukovarska brigada, a Vukovar je branilo na stotine dragovoljaca iz ?itave Hrvatske. <!--more-->Nekako mi se taj odgovor u po?etku u?inio ispraznim ali po?injem razmi\u0161ljati o svim ljudima od po?etka rata i sjetim se jednog iz Makarske kojemu je na Ljuba?u dva metra od mene tromblonom razneseno lice, ja mu ni dan danas ime neznam, zvali smo ga Makara, sjetih se \u017du?a i Preja sa \u00c5\u00a0irokog brijega, \u017du?o je kasnije poginuo i njima znam samo nadimke, sjetih se jednog \u017eutog Zagrep?anina njemu je metak raznio uho, to su samo neki kojih sam se sjetio da su ranjeni iz razdoblja do po?etka 01.11., naravno u Sustjepanu su bili Velikogori?ani, pa jedna mala grupica Zagreb?ana pa ova velika grupa Sinjana koja je jako stradala 06.12. i imala dva poginula i \u0161est sedam ranjenih, istina svaka dodjela odli?ja, medalja, spomenica, ?inova sa sobom donosi i jednu vrstu nepravde prema nekome\u00e2\u20ac\u00a6<\/p>\n<p>\u00c2\u00a0\u00c2\u00a0\u00c2\u00a0\u00c2\u00a0 Ali klju?no je pitanje dali se ta nepravda mo\u017ee ispravljati omalova\u017eavanjem tih ljudi koji su se postrojili na Stradunu, dali ja koji nemam spomenicu domovinskog rata imam pravo napadati sve koji je imaju, dali ja imam pravo napadati sve ljude sa ordenima i ?inovima zato \u0161to ih ja nemam i \u0161to me to uop?e ne interesira u \u017eivotu? Mislim da je taj put pogre\u0161an jer kada netko omalova\u017eava broj od 1.300 ljudi me?u kojima sam i ja, omalova\u017eava i Dubrovnik i svu njegovu tragediju, ja sam progutao taj broj od 1.300 da Dubrovnik ne postane grad slu?aj, da se mi branitelji ne po?nemo klati izme?u sebe, a drugi sa strane ?e re?i: Pogledaj Dubrov?ana kukavica nabili su broj branitelja samo da poka\u017eu da su oni obranili grad. Potpuna je istina da su Dubrov?ani obranili grad ali uz pomo? svih grupa ljudi koji su iz svih krajeva Hrvatske pristizali dragovoljno da nam u nekim periodima poja?aju smjene, osna\u017ee nas sa moralom, oru\u017ejem &#8211; kojeg stvarno nismo imali i naravno svojom hrabro\u0161?u, ali Dubrov?ani su stalno bili tu i oni su ti koji su obranili grad. Nije Dubrovnik branjen samo na Belvederu, Sr?u i Sustjepanu, tu su na stotine hrabrih ljudi iz Dubrovnika koji su u po?etku uz lova?ke pu\u0161ke dr\u017eali seoske stra\u017ee na prostoru od Stona do Konavala, puno je ljudi pru\u017ealo nekakav otpor gotovo sa ni?im, tukli su nas sa svih strana, nisi ni znao \u0161to ti pada oko glave, pa su opet neko vrijeme ljudi izdr\u017eali, ginuli, ranjavani u rebatinkama i nikada nisu zavedeni kao vojnici, sjetimo se Marija Pezija, Hamdije i dru\u0161tva sa Bosanke koji su \u017eivote polo\u017eili, sjetimo se poginulih na Osojniku, Ljuba?u, Slanome, Konavlima, \u017dupi, kasnije Vukovi?ima, Kala?ur?evi?ima itd itd. I upravo zbog svih na\u0161ih \u017ertava i njihovih roditelja mi ne smijemo danas re?i da nas nije bilo 1.300, bilo nas je od Stona do Konavala puno vi\u0161e, sigurno a dali se netko \u00e2\u20ac\u0153krivi\u00e2\u20ac\u009d pojavio na postrojavanju, pa naravno da jest, dali su pravi ispali sa popisa pa naravno da jesu, dok je svijeta biti ?e i nepravde, ali nepravda se ne?e rije\u0161iti novom nepravdom, ja sam osobno protiv bilo kakvih popisa jer ako jednog ?ovjeka zaboravi\u0161 &#8211; baca\u0161 mrlju na ?itav popis. Danas ni svi moji poginuli suborci nemaju ni isti medijski tretman, za pola njih Dubrovnik nikada nije ni ?uo ali to ne zna?i da ja imam pravo staviti uop?e u usta ijednoga od njih da bih poku\u0161ao ispraviti tu neravnote\u017eu prema ovome drugome, ne mogu ja danas zbog toga \u0161to sam proveo osam mjeseci u Sustjepanu re?i da su ostali branitelji, ovakvi ili onakvi, to nosi\u0161 u sebi ali nitko od nas nema pravo vrije?ati bilo koga\u00e2\u20ac\u00a6<\/p>\n<p>\u00c2\u00a0\u00c2\u00a0\u00c2\u00a0\u00c2\u00a0 Mislim da sam pogodio bit onoga \u0161to vam svima \u017eelim poru?iti, stanimo malo na loptu, zaustavimo svoje ego tripove, na\u0161a istina nije jedina istina, ja koji sam u po?etku bio u brdima u Du primorju ne mogu govoriti \u0161to je pro\u017eivio onaj na 300m od mene, a kamoli onaj u Slanome, Osojniku, Konavlima, Brgatu, \u017dupi, tu ima puno, puno pojedina?nih situacija hrabrosti, tragedija i stradavanja, zato budimo jako oprezni.<\/p>\n<p>Pozdrav!<\/p>\n","protected":false},"excerpt":{"rendered":"<p>ANTUN PER?IN &#8211; PERI: \u00c2\u00a0\u00c2\u00a0 Jako je te\u0161ko ne komentirati 1.300 branitelja grada i sam sam dobio medalju i to mi je jedino \u0161to sam dobio u ovome ratu, ni spomenicu nemam. Ina?e sam jedan od \u0161est &#8211; sedam ljudi koji su u Sustjepanu proveli 8 mjeseci, od po?etka do kraja i sam sam bio [&hellip;]<\/p>\n","protected":false},"author":1,"featured_media":0,"comment_status":"open","ping_status":"open","sticky":false,"template":"","format":"standard","meta":{"ngg_post_thumbnail":0,"_jetpack_memberships_contains_paid_content":false,"footnotes":""},"categories":[14],"tags":[],"class_list":["post-4902","post","type-post","status-publish","format-standard","hentry","category-branitelji"],"jetpack_featured_media_url":"","jetpack_sharing_enabled":true,"_links":{"self":[{"href":"http:\/\/www.rat-u-gradu.alat.hr\/index.php?rest_route=\/wp\/v2\/posts\/4902","targetHints":{"allow":["GET"]}}],"collection":[{"href":"http:\/\/www.rat-u-gradu.alat.hr\/index.php?rest_route=\/wp\/v2\/posts"}],"about":[{"href":"http:\/\/www.rat-u-gradu.alat.hr\/index.php?rest_route=\/wp\/v2\/types\/post"}],"author":[{"embeddable":true,"href":"http:\/\/www.rat-u-gradu.alat.hr\/index.php?rest_route=\/wp\/v2\/users\/1"}],"replies":[{"embeddable":true,"href":"http:\/\/www.rat-u-gradu.alat.hr\/index.php?rest_route=%2Fwp%2Fv2%2Fcomments&post=4902"}],"version-history":[{"count":0,"href":"http:\/\/www.rat-u-gradu.alat.hr\/index.php?rest_route=\/wp\/v2\/posts\/4902\/revisions"}],"wp:attachment":[{"href":"http:\/\/www.rat-u-gradu.alat.hr\/index.php?rest_route=%2Fwp%2Fv2%2Fmedia&parent=4902"}],"wp:term":[{"taxonomy":"category","embeddable":true,"href":"http:\/\/www.rat-u-gradu.alat.hr\/index.php?rest_route=%2Fwp%2Fv2%2Fcategories&post=4902"},{"taxonomy":"post_tag","embeddable":true,"href":"http:\/\/www.rat-u-gradu.alat.hr\/index.php?rest_route=%2Fwp%2Fv2%2Ftags&post=4902"}],"curies":[{"name":"wp","href":"https:\/\/api.w.org\/{rel}","templated":true}]}}